{"id":147194,"date":"2025-01-30T22:05:56","date_gmt":"2025-01-30T22:05:56","guid":{"rendered":"https:\/\/entertainment.runfyers.com\/index.php\/2025\/01\/30\/emilia-perez-star-karla-sofia-gascon-apologizes-after-sparking-outrage-for-posts-about-islam\/"},"modified":"2025-01-30T22:05:56","modified_gmt":"2025-01-30T22:05:56","slug":"emilia-perez-star-karla-sofia-gascon-apologizes-after-sparking-outrage-for-posts-about-islam","status":"publish","type":"post","link":"https:\/\/entertainment.runfyers.com\/index.php\/2025\/01\/30\/emilia-perez-star-karla-sofia-gascon-apologizes-after-sparking-outrage-for-posts-about-islam\/","title":{"rendered":"&#8216;Emilia P\u00e9rez&#8217; Star Karla Sof\u00eda Gasc\u00f3n Apologizes After Sparking Outrage for Posts About Islam"},"content":{"rendered":"<p> <br \/>\n<\/p>\n<div>\n<p class=\"has-dropcap\">Oscar nominee <strong>Karla Sof\u00eda Gasc\u00f3n,<\/strong> the star of <em>Emilia P\u00e9rez,<\/em> has apologized after coming under fire for a bevy of Islamophobic and racist remarks found on her personal X account.<\/p>\n<p>\u201cI want to acknowledge the conversation around my past social media posts that have caused hurt,\u201d Gasc\u00f3n said in a statement obtained by <em>Vanity Fair.<\/em> \u201cAs someone in a marginalized community, I know this suffering all too well and I am deeply sorry to those I have caused pain. All my life I have fought for a better world. I believe light will always triumph over darkness.\u201d<\/p>\n<p class=\"paywall\">The posts on the website formerly known as Twitter were first publicized <a data-offer-url=\"https:\/\/x.com\/KindaHagi\/status\/1884980574865232056\" class=\"external-link\" data-event-click=\"{&quot;element&quot;:&quot;ExternalLink&quot;,&quot;outgoingURL&quot;:&quot;https:\/\/x.com\/KindaHagi\/status\/1884980574865232056&quot;}\" href=\"https:\/\/x.com\/KindaHagi\/status\/1884980574865232056\" rel=\"nofollow noopener\" target=\"_blank\">in a viral <em>X<\/em> thread<\/a> from writer and podcaster <strong>Sarah Hagi.<\/strong> On Thursday, January 30, Hagi resurfaced screenshots of old posts from Gasc\u00f3n\u2019s personal X account which contained a multitude of insensitive remarks about Muslim people, the Arab community, and Islam.<\/p>\n<p class=\"paywall\">\u201cIslam is marvelous, without any machismo. Women are respected, and when they are so respected they are left with a little squared hole on their faces for their eyes to be visible and their mouths, but only if she behaves. Although they dress this way for their own enjoyment. How DEEPLY DISGUSTING OF HUMANITY,\u201d read one post on Gasc\u00f3n\u2019s X account on September 3, 2020, translated from Spanish to English by <em>Variety.<\/em> The post also included a photo of a Muslim family in a restaurant, including a woman in a burqa.<\/p>\n<p class=\"paywall\">Another post shared on Gasc\u00f3n\u2019s page (but later deleted) and translated from Spanish to English <a data-offer-url=\"https:\/\/variety.com\/2025\/film\/news\/karla-sofia-gascon-tweets-muslims-george-floyd-backlash-emilia-perez-1236291448\/\" class=\"external-link\" data-event-click=\"{&quot;element&quot;:&quot;ExternalLink&quot;,&quot;outgoingURL&quot;:&quot;https:\/\/variety.com\/2025\/film\/news\/karla-sofia-gascon-tweets-muslims-george-floyd-backlash-emilia-perez-1236291448\/&quot;}\" href=\"https:\/\/variety.com\/2025\/film\/news\/karla-sofia-gascon-tweets-muslims-george-floyd-backlash-emilia-perez-1236291448\/\" rel=\"nofollow noopener\" target=\"_blank\">by <em>Variety<\/em><\/a> reads, \u201cI\u2019m sorry, is it just my impression or is there more Muslims in Spain? Every time I go to pick up my daughter from school there are more women with their hair covered and their skirts down to their heels. Next year instead of English we\u2019ll have to teach Arabic.\u201d<\/p>\n<p class=\"paywall\">Hagi\u2019s thread contained screenshots of 12 posts she allegedly found on Gasc\u00f3n\u2019s page. Many of the posts were apparently published between 2020 and 2021, with the earliest post in Hagi\u2019s thread bearing a 2016 time stamp. In a separate thread, which is now deleted, Gasc\u00f3n\u2019s account reportedly commented on the 2020 murder of George Floyd. \u201cI truly believed that very few people ever cared about George Floyd, a drug addict and a hustler, but his death has served to highlight once again that there are those who still consider black people to be monkeys without rights and those who consider the police to be murderers. All wrong,\u201d read the post, as translated from Spanish via Google Translate.<\/p>\n<p class=\"paywall\">Gasc\u00f3n\u2019s verified X account is still live, but some of the posts highlighted by <em>Variety<\/em> and Hagi also appear to have been deleted.<\/p>\n<p class=\"paywall\">Gasc\u00f3n is the first openly trans actress to be nominated for an Academy Award. She leads <em>Emilia P\u00e9rez,<\/em> also starring <strong>Zoe Salda\u00f1a<\/strong> and <strong>Selena Gomez,<\/strong> which received 13 total Oscar nominations\u2014the most for any film this season, as well as the most ever for a movie not in the English language. The film has been both widely celebrated on the awards circuit and dogged by controversy ever since its premiere at the Cannes Film Festival, where it won two prizes and was acquired by Netflix in a splashy deal. It\u2019s since won a best-film prize at the European Film Awards and the award for best musical or comedy at this month\u2019s Golden Globes.<\/p>\n<p class=\"paywall\">Once the movie premiered on Netflix, <a data-offer-url=\"https:\/\/lwlies.com\/reviews\/emilia-perez\/\" class=\"external-link\" data-event-click=\"{&quot;element&quot;:&quot;ExternalLink&quot;,&quot;outgoingURL&quot;:&quot;https:\/\/lwlies.com\/reviews\/emilia-perez\/&quot;}\" href=\"https:\/\/lwlies.com\/reviews\/emilia-perez\/\" rel=\"nofollow noopener\" target=\"_blank\">several<\/a> <a data-offer-url=\"https:\/\/www.autostraddle.com\/emilia-perez-trans-review\/\" class=\"external-link\" data-event-click=\"{&quot;element&quot;:&quot;ExternalLink&quot;,&quot;outgoingURL&quot;:&quot;https:\/\/www.autostraddle.com\/emilia-perez-trans-review\/&quot;}\" href=\"https:\/\/www.autostraddle.com\/emilia-perez-trans-review\/\" rel=\"nofollow noopener\" target=\"_blank\">trans critics<\/a>, as well as <a data-offer-url=\"https:\/\/glaad.org\/emilia-perez-is-not-good-trans-representation\" class=\"external-link\" data-event-click=\"{&quot;element&quot;:&quot;ExternalLink&quot;,&quot;outgoingURL&quot;:&quot;https:\/\/glaad.org\/emilia-perez-is-not-good-trans-representation&quot;}\" href=\"https:\/\/glaad.org\/emilia-perez-is-not-good-trans-representation\" rel=\"nofollow noopener\" target=\"_blank\">GLAAD<\/a>, spoke out against the film, criticizing it as a regressive and simplistic portrait of the trans experience. (On social media, one musical number in particular has inspired <a data-offer-url=\"https:\/\/www.thepinknews.com\/2024\/11\/14\/emilia-perez-gender-affirming-surgery-song-la-vaginoplastia-lyrics\/\" class=\"external-link\" data-event-click=\"{&quot;element&quot;:&quot;ExternalLink&quot;,&quot;outgoingURL&quot;:&quot;https:\/\/www.thepinknews.com\/2024\/11\/14\/emilia-perez-gender-affirming-surgery-song-la-vaginoplastia-lyrics\/&quot;}\" href=\"https:\/\/www.thepinknews.com\/2024\/11\/14\/emilia-perez-gender-affirming-surgery-song-la-vaginoplastia-lyrics\/\" rel=\"nofollow noopener\" target=\"_blank\">outright mockery<\/a>.) Speaking with <em>Vanity Fair<\/em> earlier this month, <a href=\"https:\/\/www.vanityfair.com\/hollywood\/story\/karla-sofia-gascon-emilia-perez-awards-insider\" target=\"_blank\" rel=\"noopener\">Gasc\u00f3n pushed back<\/a>: \u201cBeing LGBTQ, having those labels, does not remove your stupidity, just like heterosexuality does not remove your stupidity. What bothers me is that the people that say things like that [are] just sitting down at home doing nothing. If you don\u2019t like it, go and make your own movie. Go create the representation you want to see for your community.\u201d<\/p>\n<\/div>\n<p><br \/>\n<br \/><a href=\"https:\/\/www.vanityfair.com\/hollywood\/story\/emilia-perez-star-karla-sofia-gascon-sparks-outrage-for-posts-about-islam-awards-insider\" target=\"_blank\" rel=\"noopener\">Source link <\/a><\/p>\n","protected":false},"excerpt":{"rendered":"<p>Oscar nominee Karla Sof\u00eda Gasc\u00f3n, the star of Emilia P\u00e9rez, has apologized after coming under fire for a bevy of Islamophobic and racist remarks found on her personal X account. \u201cI want to acknowledge the conversation around my past social media posts that have caused hurt,\u201d Gasc\u00f3n said in a statement obtained by Vanity Fair. [&hellip;]<\/p>\n","protected":false},"author":1,"featured_media":147195,"comment_status":"open","ping_status":"open","sticky":false,"template":"","format":"standard","meta":{"footnotes":""},"categories":[4],"tags":[27,10124,5218,10566,2269,75,358,266,943],"class_list":{"0":"post-147194","1":"post","2":"type-post","3":"status-publish","4":"format-standard","5":"has-post-thumbnail","7":"category-celebrity","8":"tag-awards","9":"tag-emilia-perez","10":"tag-george-floyd","11":"tag-islamophobia","12":"tag-little-gold-men","13":"tag-movies","14":"tag-netflix","15":"tag-oscars","16":"tag-racism"},"_links":{"self":[{"href":"https:\/\/entertainment.runfyers.com\/index.php\/wp-json\/wp\/v2\/posts\/147194","targetHints":{"allow":["GET"]}}],"collection":[{"href":"https:\/\/entertainment.runfyers.com\/index.php\/wp-json\/wp\/v2\/posts"}],"about":[{"href":"https:\/\/entertainment.runfyers.com\/index.php\/wp-json\/wp\/v2\/types\/post"}],"author":[{"embeddable":true,"href":"https:\/\/entertainment.runfyers.com\/index.php\/wp-json\/wp\/v2\/users\/1"}],"replies":[{"embeddable":true,"href":"https:\/\/entertainment.runfyers.com\/index.php\/wp-json\/wp\/v2\/comments?post=147194"}],"version-history":[{"count":0,"href":"https:\/\/entertainment.runfyers.com\/index.php\/wp-json\/wp\/v2\/posts\/147194\/revisions"}],"wp:featuredmedia":[{"embeddable":true,"href":"https:\/\/entertainment.runfyers.com\/index.php\/wp-json\/wp\/v2\/media\/147195"}],"wp:attachment":[{"href":"https:\/\/entertainment.runfyers.com\/index.php\/wp-json\/wp\/v2\/media?parent=147194"}],"wp:term":[{"taxonomy":"category","embeddable":true,"href":"https:\/\/entertainment.runfyers.com\/index.php\/wp-json\/wp\/v2\/categories?post=147194"},{"taxonomy":"post_tag","embeddable":true,"href":"https:\/\/entertainment.runfyers.com\/index.php\/wp-json\/wp\/v2\/tags?post=147194"}],"curies":[{"name":"wp","href":"https:\/\/api.w.org\/{rel}","templated":true}]}}